{"id":11097,"date":"2022-03-21T10:58:30","date_gmt":"2022-03-21T15:58:30","guid":{"rendered":"http:\/\/nonamepublicidad.com\/?p=11097"},"modified":"2026-03-05T00:19:23","modified_gmt":"2026-03-05T05:19:23","slug":"libertad","status":"publish","type":"post","link":"https:\/\/nonamepublicidad.com\/en\/libertad\/","title":{"rendered":"Libertad"},"content":{"rendered":"<p><strong>\u00bfQu\u00e9 significa tener libertad?<\/strong><\/p><p>La libertad es un derecho sagrado e imprescriptible que todos los seres humanos poseen. La libertad es la facultad de obrar seg\u00fan su voluntad, respetando la ley y el derecho ajeno.<\/p><p><strong>Caracter\u00edsticas de la libertad<\/strong><\/p><p>Entre las principales caracter\u00edsticas de la libertad se destacan las siguientes:<\/p><ul class=\"wp-block-list\"><li>Es un derecho intr\u00ednseco de todo individuo, es decir, que pertenece al propio ser por el solo hecho de ser persona.<\/li><li>Es una facultad de las personas que se basa en la responsabilidad y la empat\u00eda para su correcto desempe\u00f1o.<\/li><li>Es un valor, un concepto abstracto, que orienta el accionar humano hacia el respeto y la integridad, en diversos \u00e1mbitos como el derecho, la filosof\u00eda y la \u00e9tica.<\/li><li>Es un derecho que se manifiesta y se respeta, en especial, en las sociedades m\u00e1s desarrolladas.<\/li><li>Implica que el individuo tenga sus propias creencias y opiniones, sin ser molestado ni juzgado por expresarlas en la sociedad.<\/li><li>Tiene ciertos l\u00edmites que se corresponden con las libertades de los dem\u00e1s individuos. Nadie tiene derecho a actuar de manera que atente o quebrante los derechos de otros.<\/li><li>Es lo opuesto a la esclavitud, a la opresi\u00f3n y a la discriminaci\u00f3n.<\/li><\/ul><p><\/p><p><strong>Tipos de libertad<\/strong><\/p><p>Entre los principales tipos de libertad se destacan los siguientes:<\/p><ul class=\"wp-block-list\"><li><strong>Libertad de culto.<\/strong> Corresponde a la capacidad de expresar la creencia religiosa que cada individuo elija, sin importar la opini\u00f3n de los dem\u00e1s.<\/li><li><strong>Libertad de prensa.<\/strong> Corresponde a la capacidad de exponer y difundir informaci\u00f3n argumentada y confiable en medios de comunicaci\u00f3n, sin padecer censuras o ser denigrado.<\/li><li><strong>Libertad de expresi\u00f3n.<\/strong> Corresponde a la capacidad de expresar los pensamientos, emociones y sentimientos personales, que no impliquen una ofensa para los dem\u00e1s, sin ser molestado o discriminado.<\/li><li><strong>Libertad de elecci\u00f3n.<\/strong> Corresponde a la capacidad de escoger lo que uno quiere para su vida y en cualquier etapa de su vida, como su condici\u00f3n de g\u00e9nero, la religi\u00f3n que practicar, la disciplina a estudiar, el empleo a realizar, si formar\u00e1 o no una familia, su pareja amorosa, sus amistades y su estilo de vida, siempre y cuando no atente contra la libertad o los derechos de otros individuos.<\/li><\/ul><p><\/p><p><strong>Lema<\/strong><\/p><p>La libertad no consiste en hacer lo que se quiere, si no en hacer lo que se debe. Ser libres es poder decir aquello que los dem\u00e1s no quieren o\u00edr. Una vez que la libertad comienza a echar ra\u00edces, su crecimiento es imparable. La oportunidad de ser mejores y de evolucionar es la semilla de la libertad.<\/p><p><strong>Fundamentales<\/strong><\/p><p>Las libertades individuales: Las libertades individuales fundamentales son la libertad de opini\u00f3n, de expresi\u00f3n, de circulaci\u00f3n, de pensamiento, de consciencia, de religi\u00f3n y el derecho a la vida privada.<\/p><p><strong>Importancia<\/strong><\/p><p>La libertad es lo que le permite al individuo tomar sus propias decisiones, hacer elecciones y, de una manera u otra, construir su vida y su experiencia vital.<\/p>","protected":false},"excerpt":{"rendered":"<p>\u00bfQu\u00e9 significa tener libertad? La libertad es un derecho sagrado e imprescriptible que todos los seres humanos poseen. La libertad es la facultad de obrar seg\u00fan su voluntad, respetando la ley y el derecho ajeno. Caracter\u00edsticas de la libertad Entre las principales caracter\u00edsticas de la libertad se destacan las siguientes: Es un derecho intr\u00ednseco de [&hellip;]<\/p>\n","protected":false},"author":2,"featured_media":11096,"comment_status":"closed","ping_status":"closed","sticky":false,"template":"","format":"standard","meta":{"footnotes":""},"categories":[919],"tags":[1167,2326,1166],"class_list":["post-11097","post","type-post","status-publish","format-standard","has-post-thumbnail","hentry","category-ayuda-social","tag-ayuda-social","tag-libertad","tag-line-force-peru"],"featured_image_src":{"landsacpe":["https:\/\/nonamepublicidad.com\/wp-content\/uploads\/2022\/03\/libertad_noname_publicidad.webp",776,436,false],"list":["https:\/\/nonamepublicidad.com\/wp-content\/uploads\/2022\/03\/libertad_noname_publicidad-463x348.webp",463,348,true],"medium":["https:\/\/nonamepublicidad.com\/wp-content\/uploads\/2022\/03\/libertad_noname_publicidad-300x169.webp",300,169,true],"full":["https:\/\/nonamepublicidad.com\/wp-content\/uploads\/2022\/03\/libertad_noname_publicidad.webp",776,436,false]},"_links":{"self":[{"href":"https:\/\/nonamepublicidad.com\/en\/wp-json\/wp\/v2\/posts\/11097","targetHints":{"allow":["GET"]}}],"collection":[{"href":"https:\/\/nonamepublicidad.com\/en\/wp-json\/wp\/v2\/posts"}],"about":[{"href":"https:\/\/nonamepublicidad.com\/en\/wp-json\/wp\/v2\/types\/post"}],"author":[{"embeddable":true,"href":"https:\/\/nonamepublicidad.com\/en\/wp-json\/wp\/v2\/users\/2"}],"replies":[{"embeddable":true,"href":"https:\/\/nonamepublicidad.com\/en\/wp-json\/wp\/v2\/comments?post=11097"}],"version-history":[{"count":0,"href":"https:\/\/nonamepublicidad.com\/en\/wp-json\/wp\/v2\/posts\/11097\/revisions"}],"wp:featuredmedia":[{"embeddable":true,"href":"https:\/\/nonamepublicidad.com\/en\/wp-json\/wp\/v2\/media\/11096"}],"wp:attachment":[{"href":"https:\/\/nonamepublicidad.com\/en\/wp-json\/wp\/v2\/media?parent=11097"}],"wp:term":[{"taxonomy":"category","embeddable":true,"href":"https:\/\/nonamepublicidad.com\/en\/wp-json\/wp\/v2\/categories?post=11097"},{"taxonomy":"post_tag","embeddable":true,"href":"https:\/\/nonamepublicidad.com\/en\/wp-json\/wp\/v2\/tags?post=11097"}],"curies":[{"name":"wp","href":"https:\/\/api.w.org\/{rel}","templated":true}]}}