{"id":22639,"date":"2024-12-27T22:35:49","date_gmt":"2024-12-28T03:35:49","guid":{"rendered":"https:\/\/nonamepublicidad.com\/?p=22639"},"modified":"2026-03-05T00:16:40","modified_gmt":"2026-03-05T05:16:40","slug":"artista-seimiek-diego","status":"publish","type":"post","link":"https:\/\/nonamepublicidad.com\/en\/artista-seimiek-diego\/","title":{"rendered":"Artista Seimiek Diego"},"content":{"rendered":"<p><img fetchpriority=\"high\" decoding=\"async\" class=\"alignnone wp-image-22637 size-full\" src=\"https:\/\/nonamepublicidad.com\/wp-content\/uploads\/2024\/12\/el_muro_escondido_artista_seimiek_diego_1200x430.webp\" alt=\"\" width=\"1200\" height=\"430\" srcset=\"https:\/\/nonamepublicidad.com\/wp-content\/uploads\/2024\/12\/el_muro_escondido_artista_seimiek_diego_1200x430.webp 1200w, https:\/\/nonamepublicidad.com\/wp-content\/uploads\/2024\/12\/el_muro_escondido_artista_seimiek_diego_1200x430-1024x367.webp 1024w, https:\/\/nonamepublicidad.com\/wp-content\/uploads\/2024\/12\/el_muro_escondido_artista_seimiek_diego_1200x430-768x275.webp 768w, https:\/\/nonamepublicidad.com\/wp-content\/uploads\/2024\/12\/el_muro_escondido_artista_seimiek_diego_1200x430-640x229.webp 640w, https:\/\/nonamepublicidad.com\/wp-content\/uploads\/2024\/12\/el_muro_escondido_artista_seimiek_diego_1200x430-400x143.webp 400w, https:\/\/nonamepublicidad.com\/wp-content\/uploads\/2024\/12\/el_muro_escondido_artista_seimiek_diego_1200x430-500x179.webp 500w\" sizes=\"(max-width: 1200px) 100vw, 1200px\" \/><\/p>\n<p>Seimiek Diego (Lima, 1982). Influenciado por el folklore peruano y el arte popular que le da un toque extra\u00f1o.<\/p>\n<p>Una imaginer\u00eda que combina esto con la vibra de la cultura circense oscura y una dosis de santer\u00eda, retratando la vida animal y personajes fant\u00e1sticos que se comunican entre s\u00ed, creando una narrativa visual.<\/p>\n<p>Utilizando el espacio p\u00fablico con pintura y graffiti. Reinventando el espacio a trav\u00e9s de la escenograf\u00eda y los muros interiores y exteriores.<\/p>\n<p>El uso de diferentes materiales para hacer objetos sonoros, esculturas e instalaciones interactivas para el espectador.<\/p>\n<p><strong>Contacto<\/strong><\/p>\n<p>Facebook: <a href=\"https:\/\/www.facebook.com\/seimiekfumakaka\/\" target=\"_blank\" rel=\"noopener\">https:\/\/www.facebook.com\/seimiekfumakaka\/<\/a><\/p>\n<p>Instagram: <a href=\"https:\/\/www.instagram.com\/seimiek\" target=\"_blank\" rel=\"noopener\">https:\/\/www.instagram.com\/seimiek<\/a><\/p>\n<p>X: <a href=\"https:\/\/x.com\/seimiek\">https:\/\/x.com\/seimiek<\/a><\/p>\n<p>YouTube: <a href=\"https:\/\/www.youtube.com\/@seimiekfumakaka\" target=\"_blank\" rel=\"noopener\">https:\/\/www.youtube.com\/@seimiekfumakaka<\/a><\/p>\n<p>Web: <a href=\"https:\/\/www.seimiek.com\/\" target=\"_blank\" rel=\"noopener\">https:\/\/www.seimiek.com\/<\/a><\/p>\n<p>Correo 1: <a href=\"mailto:seimiek@seimiek.com\">seimiek@seimiek.com<\/a><\/p>\n<p>Correo 2: <a href=\"mailto:seimiekpizza@gmail.com\">seimiekpizza@gmail.com<\/a><\/p>","protected":false},"excerpt":{"rendered":"<p>Seimiek Diego (Lima, 1982). Influenciado por el folklore peruano y el arte popular que le da un toque extra\u00f1o. Una imaginer\u00eda que combina esto con la vibra de la cultura circense oscura y una dosis de santer\u00eda, retratando la vida animal y personajes fant\u00e1sticos que se comunican entre s\u00ed, creando una narrativa visual. Utilizando el [&hellip;]<\/p>\n","protected":false},"author":2,"featured_media":22638,"comment_status":"closed","ping_status":"closed","sticky":false,"template":"","format":"standard","meta":{"footnotes":""},"categories":[2985,5300],"tags":[5242,5243,2986,5245,5244],"class_list":["post-22639","post","type-post","status-publish","format-standard","has-post-thumbnail","hentry","category-cultura-pop","category-arte","tag-arte","tag-artista","tag-cultura-pop","tag-graffiti","tag-obra"],"featured_image_src":{"landsacpe":["https:\/\/nonamepublicidad.com\/wp-content\/uploads\/2024\/12\/seimiek_diego-980x445.webp",980,445,true],"list":["https:\/\/nonamepublicidad.com\/wp-content\/uploads\/2024\/12\/seimiek_diego-463x348.webp",463,348,true],"medium":["https:\/\/nonamepublicidad.com\/wp-content\/uploads\/2024\/12\/seimiek_diego-300x175.webp",300,175,true],"full":["https:\/\/nonamepublicidad.com\/wp-content\/uploads\/2024\/12\/seimiek_diego.webp",980,572,false]},"_links":{"self":[{"href":"https:\/\/nonamepublicidad.com\/en\/wp-json\/wp\/v2\/posts\/22639","targetHints":{"allow":["GET"]}}],"collection":[{"href":"https:\/\/nonamepublicidad.com\/en\/wp-json\/wp\/v2\/posts"}],"about":[{"href":"https:\/\/nonamepublicidad.com\/en\/wp-json\/wp\/v2\/types\/post"}],"author":[{"embeddable":true,"href":"https:\/\/nonamepublicidad.com\/en\/wp-json\/wp\/v2\/users\/2"}],"replies":[{"embeddable":true,"href":"https:\/\/nonamepublicidad.com\/en\/wp-json\/wp\/v2\/comments?post=22639"}],"version-history":[{"count":0,"href":"https:\/\/nonamepublicidad.com\/en\/wp-json\/wp\/v2\/posts\/22639\/revisions"}],"wp:featuredmedia":[{"embeddable":true,"href":"https:\/\/nonamepublicidad.com\/en\/wp-json\/wp\/v2\/media\/22638"}],"wp:attachment":[{"href":"https:\/\/nonamepublicidad.com\/en\/wp-json\/wp\/v2\/media?parent=22639"}],"wp:term":[{"taxonomy":"category","embeddable":true,"href":"https:\/\/nonamepublicidad.com\/en\/wp-json\/wp\/v2\/categories?post=22639"},{"taxonomy":"post_tag","embeddable":true,"href":"https:\/\/nonamepublicidad.com\/en\/wp-json\/wp\/v2\/tags?post=22639"}],"curies":[{"name":"wp","href":"https:\/\/api.w.org\/{rel}","templated":true}]}}